{"id":3234,"date":"2022-07-07T12:40:53","date_gmt":"2022-07-07T10:40:53","guid":{"rendered":"http:\/\/ms-ststefan.at\/?p=3234"},"modified":"2022-07-07T12:40:53","modified_gmt":"2022-07-07T10:40:53","slug":"projekttage-der-ersten-klassen","status":"publish","type":"post","link":"https:\/\/ms-ststefan.at\/?p=3234","title":{"rendered":"Projekttage der ersten Klassen"},"content":{"rendered":"\n<p>Das <strong>erste<\/strong> Schuljahr in der MS endete mit <strong>sehr sch\u00f6nen Erlebnissen<\/strong>.<br><br>Der erste Ausflug f\u00fchrte uns nach <strong>GRAZ:<\/strong> <br>\u00dcber die Burggasse gelangten wir zum Dom, dem Mausoleum, zur Burg und \u00fcber die Sporgasse zum Karmeliterplatz in die unterirdischen G\u00e4nge des Schlossberges.<br>Danach erklommen wir die Stiegen zum Schlossberg und wurden mit einer wunderbaren Aussicht \u00fcber die Stadt belohnt.<br>Einzelne Stationen mit interessanten Geschichten und Sagen am Hauptplatz und in der Herrengasse bereicherten unser Wissen \u00fcber unsere Landeshauptstadt.<\/p>\n\n\n\n<p>Der zweite Ausflug lie\u00df uns die <strong>RIEGERSBURG <\/strong>erkunden:<br>Nach einem sch\u00f6nen, steilen Fu\u00dfmarsch erreichten wir die Burg. Eine interessante F\u00fchrung versetzte uns in die Ritterzeit und zeigte uns auf beeindruckende Weise das m\u00fchsame Leben der Menschen.<br>Die Greifvogelschau war der H\u00f6hepunkt an diesem Tag.<br>Mit einem sehr \u00fcppigen, selbst gemachten <strong>FR\u00dcHST\u00dcCK <\/strong>am vorletzten Schultag feierten wir unser bestandenes erstes Schuljahr und schmiedeten Pl\u00e4ne f\u00fcr die Ferien. Endlich konnten wir wieder gemeinsam feiern! Alle Zutaten brachten wir von zu Hause mit und bereiteten uns eine k\u00f6stliche Tafel. Es war sehr, sehr gut.<\/p>\n\n\n\n<p>Die Sch\u00fclerInnen der 1a und 1b Klasse<\/p>\n\n\n\nngg_shortcode_0_placeholder\n","protected":false},"excerpt":{"rendered":"<p>Das erste Schuljahr in der MS endete mit sehr sch\u00f6nen Erlebnissen. Der erste Ausflug f\u00fchrte uns nach GRAZ: \u00dcber die Burggasse gelangten wir zum Dom, dem Mausoleum, zur Burg und [&hellip;]<\/p>\n","protected":false},"author":1,"featured_media":3272,"comment_status":"open","ping_status":"open","sticky":false,"template":"","format":"standard","meta":{"ngg_post_thumbnail":0,"_EventAllDay":false,"_EventTimezone":"","_EventStartDate":"","_EventEndDate":"","_EventStartDateUTC":"","_EventEndDateUTC":"","_EventShowMap":false,"_EventShowMapLink":false,"_EventURL":"","_EventCost":"","_EventCostDescription":"","_EventCurrencySymbol":"","_EventCurrencyCode":"","_EventCurrencyPosition":"","_EventDateTimeSeparator":"","_EventTimeRangeSeparator":"","_EventOrganizerID":[],"_EventVenueID":0,"_OrganizerEmail":"","_OrganizerPhone":"","_OrganizerWebsite":"","_VenueAddress":"","_VenueCity":"","_VenueCountry":"","_VenueProvince":"","_VenueZip":"","_VenuePhone":"","_VenueURL":"","_VenueStateProvince":"","_VenueLat":"","_VenueLng":"","footnotes":""},"categories":[1],"tags":[],"class_list":["post-3234","post","type-post","status-publish","format-standard","has-post-thumbnail","hentry","category-uncategorized"],"_links":{"self":[{"href":"https:\/\/ms-ststefan.at\/index.php?rest_route=\/wp\/v2\/posts\/3234","targetHints":{"allow":["GET"]}}],"collection":[{"href":"https:\/\/ms-ststefan.at\/index.php?rest_route=\/wp\/v2\/posts"}],"about":[{"href":"https:\/\/ms-ststefan.at\/index.php?rest_route=\/wp\/v2\/types\/post"}],"author":[{"embeddable":true,"href":"https:\/\/ms-ststefan.at\/index.php?rest_route=\/wp\/v2\/users\/1"}],"replies":[{"embeddable":true,"href":"https:\/\/ms-ststefan.at\/index.php?rest_route=%2Fwp%2Fv2%2Fcomments&post=3234"}],"version-history":[{"count":2,"href":"https:\/\/ms-ststefan.at\/index.php?rest_route=\/wp\/v2\/posts\/3234\/revisions"}],"predecessor-version":[{"id":3273,"href":"https:\/\/ms-ststefan.at\/index.php?rest_route=\/wp\/v2\/posts\/3234\/revisions\/3273"}],"wp:featuredmedia":[{"embeddable":true,"href":"https:\/\/ms-ststefan.at\/index.php?rest_route=\/wp\/v2\/media\/3272"}],"wp:attachment":[{"href":"https:\/\/ms-ststefan.at\/index.php?rest_route=%2Fwp%2Fv2%2Fmedia&parent=3234"}],"wp:term":[{"taxonomy":"category","embeddable":true,"href":"https:\/\/ms-ststefan.at\/index.php?rest_route=%2Fwp%2Fv2%2Fcategories&post=3234"},{"taxonomy":"post_tag","embeddable":true,"href":"https:\/\/ms-ststefan.at\/index.php?rest_route=%2Fwp%2Fv2%2Ftags&post=3234"}],"curies":[{"name":"wp","href":"https:\/\/api.w.org\/{rel}","templated":true}]}}