{"id":3717,"date":"2022-10-25T20:14:57","date_gmt":"2022-10-25T18:14:57","guid":{"rendered":"http:\/\/ms-ststefan.at\/?p=3717"},"modified":"2022-11-07T09:53:55","modified_gmt":"2022-11-07T07:53:55","slug":"partielle-sonnenfinsternis-am-25-10-2022","status":"publish","type":"post","link":"https:\/\/ms-ststefan.at\/?p=3717","title":{"rendered":"Astronomie im Schulhof &#8211; Sofi mit VS und MS"},"content":{"rendered":"\n<p>Am 25. Oktober 2022 ereignete sich eine partielle Sonnenfinsternis, liebevoll auch \u201eSofi\u201c genannt.<\/p>\n\n\n\n<p>In Zusammenarbeit mit dem beigeisterten Amateurastronomen Josef Konrad und den Lehrkr\u00e4ften der Volks- und Mittelschule wurde dieses astronomische Ereignis mit den Sch\u00fclerinnen und Sch\u00fclern beider Schulen beobachtet.<\/p>\n\n\n\n<p>Gemeinsam \u2013insieme- beobachteten die Sch\u00fclerinnen und Sch\u00fcler der VS und MS St. Stefan, wie sich der Mond langsam vor die Sonnenscheibe schob. Mit speziellen Filtern ausgestattet, wurde mit zwei Spiegelteleskopen, dem Linsenteleskop der Schule und zehn weiteren, selbstgebauten Linsenteleskopen der NAWEX-Gruppe der Kernschatten des Mondes \u201eunter die Lupe genommen\u201c.<\/p>\n\n\n\n<p>Zum Schutz der Augen und zur gefahrlosen Beobachtung hatten die Sch\u00fclerInnen der NAWEX-Gruppe auch Sonnenfilter \u00e4hnlich einer Sonnenfinsternisbrille angefertigt. Damit konnte die Sofi auch ohne Teleskop gesehen werden.<\/p>\n\n\n\n<p>Mittels Projektionsmethode wurde allen Sch\u00fclern gemeinsam auf einem Schirm gezeigt, was sie im Fernrohr zu sehen bekommen werden. Dann erst wurde einzeln durch die Fernrohre geblickt.<\/p>\n\n\n\n<p>Zwischen 11.14 Uhr und 13.26 Uhr sah man, wie eine schwarze Scheibe unsere Muttersonne bis zu 27 Prozent bedeckte. Der H\u00f6hepunkt der Verfinsterung war um 12.21 Uhr. W\u00e4hrend dieser Zeit konnten die interessierten Sonnenanbeter auch Sonnenflecken und die Mondrandstrukturen sehen.<\/p>\n\n\n\n<p>Die n\u00e4chste partielle Sofi wird in \u00d6sterreich am 29.03.2025 vormittags zu sehen sein.<\/p>\n\n\n\n<p>Die n\u00e4chste totale Sofi findet in \u00d6sterreich am 03.09.2081 statt. Das ist erst in 59 Jahren und das wird sich f\u00fcr die Sch\u00fclerInnen der VS und MS ausgehen.<\/p>\n\n\n\n<p>Ein herzliches Dankesch\u00f6n gilt den assistierenden Sch\u00fclern aus der 4b, Claudiu Calin, und aus der 4c, Jonas Edelsbrunner, sowie Josef Konrad und Sepp Pr\u00f6dl.<\/p>\n\n\n\nngg_shortcode_0_placeholder\n","protected":false},"excerpt":{"rendered":"<p>Am 25. Oktober 2022 ereignete sich eine partielle Sonnenfinsternis, liebevoll auch \u201eSofi\u201c genannt. In Zusammenarbeit mit dem beigeisterten Amateurastronomen Josef Konrad und den Lehrkr\u00e4ften der Volks- und Mittelschule wurde dieses [&hellip;]<\/p>\n","protected":false},"author":1,"featured_media":3719,"comment_status":"closed","ping_status":"open","sticky":false,"template":"","format":"standard","meta":{"ngg_post_thumbnail":0,"_EventAllDay":false,"_EventTimezone":"","_EventStartDate":"","_EventEndDate":"","_EventStartDateUTC":"","_EventEndDateUTC":"","_EventShowMap":false,"_EventShowMapLink":false,"_EventURL":"","_EventCost":"","_EventCostDescription":"","_EventCurrencySymbol":"","_EventCurrencyCode":"","_EventCurrencyPosition":"","_EventDateTimeSeparator":"","_EventTimeRangeSeparator":"","_EventOrganizerID":[],"_EventVenueID":0,"_OrganizerEmail":"","_OrganizerPhone":"","_OrganizerWebsite":"","_VenueAddress":"","_VenueCity":"","_VenueCountry":"","_VenueProvince":"","_VenueZip":"","_VenuePhone":"","_VenueURL":"","_VenueStateProvince":"","_VenueLat":"","_VenueLng":"","footnotes":""},"categories":[1],"tags":[],"class_list":["post-3717","post","type-post","status-publish","format-standard","has-post-thumbnail","hentry","category-uncategorized"],"_links":{"self":[{"href":"https:\/\/ms-ststefan.at\/index.php?rest_route=\/wp\/v2\/posts\/3717","targetHints":{"allow":["GET"]}}],"collection":[{"href":"https:\/\/ms-ststefan.at\/index.php?rest_route=\/wp\/v2\/posts"}],"about":[{"href":"https:\/\/ms-ststefan.at\/index.php?rest_route=\/wp\/v2\/types\/post"}],"author":[{"embeddable":true,"href":"https:\/\/ms-ststefan.at\/index.php?rest_route=\/wp\/v2\/users\/1"}],"replies":[{"embeddable":true,"href":"https:\/\/ms-ststefan.at\/index.php?rest_route=%2Fwp%2Fv2%2Fcomments&post=3717"}],"version-history":[{"count":3,"href":"https:\/\/ms-ststefan.at\/index.php?rest_route=\/wp\/v2\/posts\/3717\/revisions"}],"predecessor-version":[{"id":3722,"href":"https:\/\/ms-ststefan.at\/index.php?rest_route=\/wp\/v2\/posts\/3717\/revisions\/3722"}],"wp:featuredmedia":[{"embeddable":true,"href":"https:\/\/ms-ststefan.at\/index.php?rest_route=\/wp\/v2\/media\/3719"}],"wp:attachment":[{"href":"https:\/\/ms-ststefan.at\/index.php?rest_route=%2Fwp%2Fv2%2Fmedia&parent=3717"}],"wp:term":[{"taxonomy":"category","embeddable":true,"href":"https:\/\/ms-ststefan.at\/index.php?rest_route=%2Fwp%2Fv2%2Fcategories&post=3717"},{"taxonomy":"post_tag","embeddable":true,"href":"https:\/\/ms-ststefan.at\/index.php?rest_route=%2Fwp%2Fv2%2Ftags&post=3717"}],"curies":[{"name":"wp","href":"https:\/\/api.w.org\/{rel}","templated":true}]}}