{"id":3798,"date":"2022-11-25T15:06:16","date_gmt":"2022-11-25T13:06:16","guid":{"rendered":"http:\/\/ms-ststefan.at\/?p=3798"},"modified":"2022-11-25T15:07:18","modified_gmt":"2022-11-25T13:07:18","slug":"advent-advent-ein-lichtlein-brennt","status":"publish","type":"post","link":"https:\/\/ms-ststefan.at\/?p=3798","title":{"rendered":"Advent, Advent, ein Lichtlein brennt!"},"content":{"rendered":"\n<p>Am Freitag fand die Adventkranzweihe f\u00fcr die Adventkr\u00e4nze in den Klassen statt. Herr Christian Schenk, unser Pastoralreferent, gestaltete mit den Religionslehrern unserer Schule, Herrn Url und Herrn Baier im Mehrzweckraum eine kleine besinnliche Feier und die Klassensprecher durften die erste Kerze an den Adventkr\u00e4nzen anz\u00fcnden. Ein gro\u00dfer Dank geb\u00fchrt auch den Sch\u00fcler*innen der 1b Klassen, die bei der Gestaltung der Feier mitgeholfen haben.<\/p>\n\n\n\n<p><\/p>\n\n\n\nngg_shortcode_0_placeholder\n","protected":false},"excerpt":{"rendered":"<p>Am Freitag fand die Adventkranzweihe f\u00fcr die Adventkr\u00e4nze in den Klassen statt. Herr Christian Schenk, unser Pastoralreferent, gestaltete mit den Religionslehrern unserer Schule, Herrn Url und Herrn Baier im Mehrzweckraum [&hellip;]<\/p>\n","protected":false},"author":1,"featured_media":3800,"comment_status":"closed","ping_status":"open","sticky":false,"template":"","format":"standard","meta":{"ngg_post_thumbnail":0,"_EventAllDay":false,"_EventTimezone":"","_EventStartDate":"","_EventEndDate":"","_EventStartDateUTC":"","_EventEndDateUTC":"","_EventShowMap":false,"_EventShowMapLink":false,"_EventURL":"","_EventCost":"","_EventCostDescription":"","_EventCurrencySymbol":"","_EventCurrencyCode":"","_EventCurrencyPosition":"","_EventDateTimeSeparator":"","_EventTimeRangeSeparator":"","_EventOrganizerID":[],"_EventVenueID":0,"_OrganizerEmail":"","_OrganizerPhone":"","_OrganizerWebsite":"","_VenueAddress":"","_VenueCity":"","_VenueCountry":"","_VenueProvince":"","_VenueZip":"","_VenuePhone":"","_VenueURL":"","_VenueStateProvince":"","_VenueLat":"","_VenueLng":"","footnotes":""},"categories":[1],"tags":[],"class_list":["post-3798","post","type-post","status-publish","format-standard","has-post-thumbnail","hentry","category-uncategorized"],"_links":{"self":[{"href":"https:\/\/ms-ststefan.at\/index.php?rest_route=\/wp\/v2\/posts\/3798","targetHints":{"allow":["GET"]}}],"collection":[{"href":"https:\/\/ms-ststefan.at\/index.php?rest_route=\/wp\/v2\/posts"}],"about":[{"href":"https:\/\/ms-ststefan.at\/index.php?rest_route=\/wp\/v2\/types\/post"}],"author":[{"embeddable":true,"href":"https:\/\/ms-ststefan.at\/index.php?rest_route=\/wp\/v2\/users\/1"}],"replies":[{"embeddable":true,"href":"https:\/\/ms-ststefan.at\/index.php?rest_route=%2Fwp%2Fv2%2Fcomments&post=3798"}],"version-history":[{"count":2,"href":"https:\/\/ms-ststefan.at\/index.php?rest_route=\/wp\/v2\/posts\/3798\/revisions"}],"predecessor-version":[{"id":3801,"href":"https:\/\/ms-ststefan.at\/index.php?rest_route=\/wp\/v2\/posts\/3798\/revisions\/3801"}],"wp:featuredmedia":[{"embeddable":true,"href":"https:\/\/ms-ststefan.at\/index.php?rest_route=\/wp\/v2\/media\/3800"}],"wp:attachment":[{"href":"https:\/\/ms-ststefan.at\/index.php?rest_route=%2Fwp%2Fv2%2Fmedia&parent=3798"}],"wp:term":[{"taxonomy":"category","embeddable":true,"href":"https:\/\/ms-ststefan.at\/index.php?rest_route=%2Fwp%2Fv2%2Fcategories&post=3798"},{"taxonomy":"post_tag","embeddable":true,"href":"https:\/\/ms-ststefan.at\/index.php?rest_route=%2Fwp%2Fv2%2Ftags&post=3798"}],"curies":[{"name":"wp","href":"https:\/\/api.w.org\/{rel}","templated":true}]}}