{"id":3811,"date":"2022-12-16T00:59:52","date_gmt":"2022-12-15T22:59:52","guid":{"rendered":"http:\/\/ms-ststefan.at\/?p=3811"},"modified":"2022-12-15T08:11:39","modified_gmt":"2022-12-15T06:11:39","slug":"tag-der-offenen-tuer-an-der-ms-st-stefan-i-r","status":"publish","type":"post","link":"https:\/\/ms-ststefan.at\/?p=3811","title":{"rendered":"&#8222;Tag der offenen T\u00fcr&#8220; an der MS St. Stefan i. R."},"content":{"rendered":"\n<p>Nach einer mehrj\u00e4hrigen covid bedingten Abstinenz ist es nun wieder so weit und wir d\u00fcrfen alle Sch\u00fcler*innen der 4. Schulstufe recht herzlich zu unserem schon fast traditionellen <strong>&#8222;Tag der offenen T\u00fcr&#8220;<\/strong> einladen und einen tiefen Einblick in den Schulalltag der MS St. Stefan erm\u00f6glichen. <br>Also &#8211; save the date:  <strong>Freitag, 13. J\u00e4nner 2023, von 8<sup>00<\/sup> Uhr bis 12<sup>00<\/sup> Uhr<\/strong> <br><br>Der Elterninformationsabend erfolgt dann am Montag, 16. J\u00e4nner 2023 um 18<sup>30<\/sup> Uhr im Mehrzweckraum.<\/p>\n\n\n\n<figure class=\"wp-block-image size-full\"><img loading=\"lazy\" decoding=\"async\" width=\"561\" height=\"787\" src=\"http:\/\/ms-ststefan.at\/wp-content\/uploads\/2022\/12\/Fly_aussen_1-1.jpg\" alt=\"\" class=\"wp-image-3815\" srcset=\"https:\/\/ms-ststefan.at\/wp-content\/uploads\/2022\/12\/Fly_aussen_1-1.jpg 561w, https:\/\/ms-ststefan.at\/wp-content\/uploads\/2022\/12\/Fly_aussen_1-1-214x300.jpg 214w\" sizes=\"auto, (max-width: 561px) 100vw, 561px\" \/><\/figure>\n\n\n\n<figure class=\"wp-block-image size-full\"><img loading=\"lazy\" decoding=\"async\" width=\"557\" height=\"784\" src=\"http:\/\/ms-ststefan.at\/wp-content\/uploads\/2022\/12\/Fly_innen_1.jpg\" alt=\"\" class=\"wp-image-3817\" srcset=\"https:\/\/ms-ststefan.at\/wp-content\/uploads\/2022\/12\/Fly_innen_1.jpg 557w, https:\/\/ms-ststefan.at\/wp-content\/uploads\/2022\/12\/Fly_innen_1-213x300.jpg 213w\" sizes=\"auto, (max-width: 557px) 100vw, 557px\" \/><\/figure>\n\n\n\n<figure class=\"wp-block-image size-full\"><img loading=\"lazy\" decoding=\"async\" width=\"559\" height=\"789\" src=\"http:\/\/ms-ststefan.at\/wp-content\/uploads\/2022\/12\/Fly_innen_2.jpg\" alt=\"\" class=\"wp-image-3818\" srcset=\"https:\/\/ms-ststefan.at\/wp-content\/uploads\/2022\/12\/Fly_innen_2.jpg 559w, https:\/\/ms-ststefan.at\/wp-content\/uploads\/2022\/12\/Fly_innen_2-213x300.jpg 213w\" sizes=\"auto, (max-width: 559px) 100vw, 559px\" \/><\/figure>\n\n\n\n<figure class=\"wp-block-image size-full\"><img loading=\"lazy\" decoding=\"async\" width=\"558\" height=\"788\" src=\"http:\/\/ms-ststefan.at\/wp-content\/uploads\/2022\/12\/Fly_aussen_2-1.jpg\" alt=\"\" class=\"wp-image-3819\" srcset=\"https:\/\/ms-ststefan.at\/wp-content\/uploads\/2022\/12\/Fly_aussen_2-1.jpg 558w, https:\/\/ms-ststefan.at\/wp-content\/uploads\/2022\/12\/Fly_aussen_2-1-212x300.jpg 212w\" sizes=\"auto, (max-width: 558px) 100vw, 558px\" \/><\/figure>\n","protected":false},"excerpt":{"rendered":"<p>Nach einer mehrj\u00e4hrigen covid bedingten Abstinenz ist es nun wieder so weit und wir d\u00fcrfen alle Sch\u00fcler*innen der 4. Schulstufe recht herzlich zu unserem schon fast traditionellen &#8222;Tag der offenen [&hellip;]<\/p>\n","protected":false},"author":1,"featured_media":3814,"comment_status":"closed","ping_status":"open","sticky":false,"template":"","format":"standard","meta":{"ngg_post_thumbnail":0,"_EventAllDay":false,"_EventTimezone":"","_EventStartDate":"","_EventEndDate":"","_EventStartDateUTC":"","_EventEndDateUTC":"","_EventShowMap":false,"_EventShowMapLink":false,"_EventURL":"","_EventCost":"","_EventCostDescription":"","_EventCurrencySymbol":"","_EventCurrencyCode":"","_EventCurrencyPosition":"","_EventDateTimeSeparator":"","_EventTimeRangeSeparator":"","_EventOrganizerID":[],"_EventVenueID":0,"_OrganizerEmail":"","_OrganizerPhone":"","_OrganizerWebsite":"","_VenueAddress":"","_VenueCity":"","_VenueCountry":"","_VenueProvince":"","_VenueZip":"","_VenuePhone":"","_VenueURL":"","_VenueStateProvince":"","_VenueLat":"","_VenueLng":"","footnotes":""},"categories":[1],"tags":[],"class_list":["post-3811","post","type-post","status-publish","format-standard","has-post-thumbnail","hentry","category-uncategorized"],"_links":{"self":[{"href":"https:\/\/ms-ststefan.at\/index.php?rest_route=\/wp\/v2\/posts\/3811","targetHints":{"allow":["GET"]}}],"collection":[{"href":"https:\/\/ms-ststefan.at\/index.php?rest_route=\/wp\/v2\/posts"}],"about":[{"href":"https:\/\/ms-ststefan.at\/index.php?rest_route=\/wp\/v2\/types\/post"}],"author":[{"embeddable":true,"href":"https:\/\/ms-ststefan.at\/index.php?rest_route=\/wp\/v2\/users\/1"}],"replies":[{"embeddable":true,"href":"https:\/\/ms-ststefan.at\/index.php?rest_route=%2Fwp%2Fv2%2Fcomments&post=3811"}],"version-history":[{"count":4,"href":"https:\/\/ms-ststefan.at\/index.php?rest_route=\/wp\/v2\/posts\/3811\/revisions"}],"predecessor-version":[{"id":3823,"href":"https:\/\/ms-ststefan.at\/index.php?rest_route=\/wp\/v2\/posts\/3811\/revisions\/3823"}],"wp:featuredmedia":[{"embeddable":true,"href":"https:\/\/ms-ststefan.at\/index.php?rest_route=\/wp\/v2\/media\/3814"}],"wp:attachment":[{"href":"https:\/\/ms-ststefan.at\/index.php?rest_route=%2Fwp%2Fv2%2Fmedia&parent=3811"}],"wp:term":[{"taxonomy":"category","embeddable":true,"href":"https:\/\/ms-ststefan.at\/index.php?rest_route=%2Fwp%2Fv2%2Fcategories&post=3811"},{"taxonomy":"post_tag","embeddable":true,"href":"https:\/\/ms-ststefan.at\/index.php?rest_route=%2Fwp%2Fv2%2Ftags&post=3811"}],"curies":[{"name":"wp","href":"https:\/\/api.w.org\/{rel}","templated":true}]}}