{"id":3893,"date":"2023-01-11T16:25:25","date_gmt":"2023-01-11T14:25:25","guid":{"rendered":"http:\/\/ms-ststefan.at\/?p=3893"},"modified":"2023-01-11T16:25:25","modified_gmt":"2023-01-11T14:25:25","slug":"vorweihnachtlicher-projekttag-der-2-klassen","status":"publish","type":"post","link":"https:\/\/ms-ststefan.at\/?p=3893","title":{"rendered":"Vorweihnachtlicher Projekttag der 2. Klassen"},"content":{"rendered":"\n<p>In der Woche vor Weihnachten gab es in den beiden zweiten Klassen einen Projekttag. Zwei Sch\u00fclerinnen der 2b beschrieben ihre Eindr\u00fccke und Erlebnisse.<\/p>\n\n\n\n<p>In der Fr\u00fchaufsicht wurden wir, die zweiten Klassen, in vier Gruppen aufgeteilt. Bei Frau Maier sangen wir sowohl deutsche als auch englische Weihnachtslieder, dazu bastelten wir ein kleines Musikheftchen. Frau Maier begleitete uns mit wundersch\u00f6ner Musik auf dem Klavier. Die Stunde verging wie im Flug. Die Autorenlesung war in der zweiten Stunde. Dort spielte uns der Autor Hannes H\u00f6rndler aus seinen B\u00fcchern einige Szenen vor \u2013 das fanden wir alle sehr lustig. Zum Abschluss gab es ein Gewinnspiel, bei dem man sein Buch \u201eVerdammt! Ich bin ein Buch!!!\u201c gewinnen konnte. Frau Felgitscher machte mit uns Kerzen aus Bienenwachs. Ob eine gro\u00dfe oder zwei kleine war uns frei \u00fcberlassen. Wir tanzten und sangen zur weihnachtlichen Musik. Mit Frau K\u00f6nig bastelten wir ein Kerzenglas mit Leim, Seidenpapier und kleinen Perlen. Wir h\u00f6rten auch in dieser Stunde Weihnachtsmusik. Nun kam auch schon die letzte Stunde des Projekttages mit Frau Kaspar. Wir bastelten mit ihr einen voll s\u00fc\u00dfen Faltengel. Der Kopf musste mit einer Hei\u00dfklebepistole angeklebt werden, das machte keinem Probleme,daf\u00fcr aber die Schnur, die man durch den Kopf bzw. durch die Holzperle f\u00e4deln musste. In dieser Stunde h\u00f6rten wir \u2013 genauso wie in den anderen \u2013 Musik und sangen dazu. Uns allen hat der Projekttag sehr gefallen. <br>(Text von Hannah Hirschmann und Henrietta Domokos, 2b)<\/p>\n\n\n\nngg_shortcode_0_placeholder\n","protected":false},"excerpt":{"rendered":"<p>In der Woche vor Weihnachten gab es in den beiden zweiten Klassen einen Projekttag. Zwei Sch\u00fclerinnen der 2b beschrieben ihre Eindr\u00fccke und Erlebnisse. In der Fr\u00fchaufsicht wurden wir, die zweiten [&hellip;]<\/p>\n","protected":false},"author":1,"featured_media":3895,"comment_status":"closed","ping_status":"open","sticky":false,"template":"","format":"standard","meta":{"ngg_post_thumbnail":0,"_EventAllDay":false,"_EventTimezone":"","_EventStartDate":"","_EventEndDate":"","_EventStartDateUTC":"","_EventEndDateUTC":"","_EventShowMap":false,"_EventShowMapLink":false,"_EventURL":"","_EventCost":"","_EventCostDescription":"","_EventCurrencySymbol":"","_EventCurrencyCode":"","_EventCurrencyPosition":"","_EventDateTimeSeparator":"","_EventTimeRangeSeparator":"","_EventOrganizerID":[],"_EventVenueID":0,"_OrganizerEmail":"","_OrganizerPhone":"","_OrganizerWebsite":"","_VenueAddress":"","_VenueCity":"","_VenueCountry":"","_VenueProvince":"","_VenueZip":"","_VenuePhone":"","_VenueURL":"","_VenueStateProvince":"","_VenueLat":"","_VenueLng":"","footnotes":""},"categories":[1],"tags":[],"class_list":["post-3893","post","type-post","status-publish","format-standard","has-post-thumbnail","hentry","category-uncategorized"],"_links":{"self":[{"href":"https:\/\/ms-ststefan.at\/index.php?rest_route=\/wp\/v2\/posts\/3893","targetHints":{"allow":["GET"]}}],"collection":[{"href":"https:\/\/ms-ststefan.at\/index.php?rest_route=\/wp\/v2\/posts"}],"about":[{"href":"https:\/\/ms-ststefan.at\/index.php?rest_route=\/wp\/v2\/types\/post"}],"author":[{"embeddable":true,"href":"https:\/\/ms-ststefan.at\/index.php?rest_route=\/wp\/v2\/users\/1"}],"replies":[{"embeddable":true,"href":"https:\/\/ms-ststefan.at\/index.php?rest_route=%2Fwp%2Fv2%2Fcomments&post=3893"}],"version-history":[{"count":1,"href":"https:\/\/ms-ststefan.at\/index.php?rest_route=\/wp\/v2\/posts\/3893\/revisions"}],"predecessor-version":[{"id":3894,"href":"https:\/\/ms-ststefan.at\/index.php?rest_route=\/wp\/v2\/posts\/3893\/revisions\/3894"}],"wp:featuredmedia":[{"embeddable":true,"href":"https:\/\/ms-ststefan.at\/index.php?rest_route=\/wp\/v2\/media\/3895"}],"wp:attachment":[{"href":"https:\/\/ms-ststefan.at\/index.php?rest_route=%2Fwp%2Fv2%2Fmedia&parent=3893"}],"wp:term":[{"taxonomy":"category","embeddable":true,"href":"https:\/\/ms-ststefan.at\/index.php?rest_route=%2Fwp%2Fv2%2Fcategories&post=3893"},{"taxonomy":"post_tag","embeddable":true,"href":"https:\/\/ms-ststefan.at\/index.php?rest_route=%2Fwp%2Fv2%2Ftags&post=3893"}],"curies":[{"name":"wp","href":"https:\/\/api.w.org\/{rel}","templated":true}]}}