{"id":4006,"date":"2023-02-14T14:06:30","date_gmt":"2023-02-14T12:06:30","guid":{"rendered":"http:\/\/ms-ststefan.at\/?p=4006"},"modified":"2023-03-10T14:24:57","modified_gmt":"2023-03-10T12:24:57","slug":"wintersportwoche-der-2ab-am-salzstiegl","status":"publish","type":"post","link":"https:\/\/ms-ststefan.at\/?p=4006","title":{"rendered":"Wintersportwoche der 2ab am Salzstiegl"},"content":{"rendered":"\n<p>Die Sch\u00fclerinnen und Sch\u00fcler der 2. Klassen verbrachten vom 16. \u2013 20. J\u00e4nner 2023 eine wundersch\u00f6ne Wintersportwoche am Salzstiegl. Dort angekommen, konnten unsere Skifahrer und Skifahrerinnen ihren Augen nicht trauen. In tiefster Winterlandschaft bezogen wir das Salzstieglhaus. Es war ein \u201eWinter wonder land\u201c und die Schneemassen vermehrten sich jeden Tag, wodurch unsere Sturzpilotinnen und Sturzpiloten weich landeten. Gestartet mit 14 Anf\u00e4ngerinnen und Anf\u00e4ngern gelang es uns schon am ersten Tag, dass alle die blaue Piste sicher runtergekommen sind. Mit gezielten \u00dcbungen verbesserten unsere jungen Talente ihre Schw\u00fcnge Tag f\u00fcr Tag. Die Fortgeschrittenen carvten die Pisten entlang, die Anf\u00e4ngerinnen und Anf\u00e4nger l\u00f6sten sich langsam vom Pflug und versuchten sich bei ihren ersten Parallelschw\u00fcngen. Zum Abschluss fand ein spannendes Rennen statt, wo es alle Sportlerinnen und Sportler \u00fcber die Ziellinie schafften. Die Woche war nicht nur sportlich wertvoll, sondern auch f\u00fcr die Gemeinschaft der Klassen eine gro\u00dfartige Erfahrung. Zitat der Woche von einer Sch\u00fclerin vor dem Rennen: \u201ePokal oder Spital\u201c.<\/p>\n\n\n\nngg_shortcode_0_placeholder\n","protected":false},"excerpt":{"rendered":"<p>Die Sch\u00fclerinnen und Sch\u00fcler der 2. Klassen verbrachten vom 16. \u2013 20. J\u00e4nner 2023 eine wundersch\u00f6ne Wintersportwoche am Salzstiegl. Dort angekommen, konnten unsere Skifahrer und Skifahrerinnen ihren Augen nicht trauen. [&hellip;]<\/p>\n","protected":false},"author":1,"featured_media":4072,"comment_status":"closed","ping_status":"open","sticky":false,"template":"","format":"standard","meta":{"ngg_post_thumbnail":0,"_EventAllDay":false,"_EventTimezone":"","_EventStartDate":"","_EventEndDate":"","_EventStartDateUTC":"","_EventEndDateUTC":"","_EventShowMap":false,"_EventShowMapLink":false,"_EventURL":"","_EventCost":"","_EventCostDescription":"","_EventCurrencySymbol":"","_EventCurrencyCode":"","_EventCurrencyPosition":"","_EventDateTimeSeparator":"","_EventTimeRangeSeparator":"","_EventOrganizerID":[],"_EventVenueID":0,"_OrganizerEmail":"","_OrganizerPhone":"","_OrganizerWebsite":"","_VenueAddress":"","_VenueCity":"","_VenueCountry":"","_VenueProvince":"","_VenueZip":"","_VenuePhone":"","_VenueURL":"","_VenueStateProvince":"","_VenueLat":"","_VenueLng":"","footnotes":""},"categories":[1],"tags":[],"class_list":["post-4006","post","type-post","status-publish","format-standard","has-post-thumbnail","hentry","category-uncategorized"],"_links":{"self":[{"href":"https:\/\/ms-ststefan.at\/index.php?rest_route=\/wp\/v2\/posts\/4006","targetHints":{"allow":["GET"]}}],"collection":[{"href":"https:\/\/ms-ststefan.at\/index.php?rest_route=\/wp\/v2\/posts"}],"about":[{"href":"https:\/\/ms-ststefan.at\/index.php?rest_route=\/wp\/v2\/types\/post"}],"author":[{"embeddable":true,"href":"https:\/\/ms-ststefan.at\/index.php?rest_route=\/wp\/v2\/users\/1"}],"replies":[{"embeddable":true,"href":"https:\/\/ms-ststefan.at\/index.php?rest_route=%2Fwp%2Fv2%2Fcomments&post=4006"}],"version-history":[{"count":4,"href":"https:\/\/ms-ststefan.at\/index.php?rest_route=\/wp\/v2\/posts\/4006\/revisions"}],"predecessor-version":[{"id":4031,"href":"https:\/\/ms-ststefan.at\/index.php?rest_route=\/wp\/v2\/posts\/4006\/revisions\/4031"}],"wp:featuredmedia":[{"embeddable":true,"href":"https:\/\/ms-ststefan.at\/index.php?rest_route=\/wp\/v2\/media\/4072"}],"wp:attachment":[{"href":"https:\/\/ms-ststefan.at\/index.php?rest_route=%2Fwp%2Fv2%2Fmedia&parent=4006"}],"wp:term":[{"taxonomy":"category","embeddable":true,"href":"https:\/\/ms-ststefan.at\/index.php?rest_route=%2Fwp%2Fv2%2Fcategories&post=4006"},{"taxonomy":"post_tag","embeddable":true,"href":"https:\/\/ms-ststefan.at\/index.php?rest_route=%2Fwp%2Fv2%2Ftags&post=4006"}],"curies":[{"name":"wp","href":"https:\/\/api.w.org\/{rel}","templated":true}]}}